{"id":112,"date":"2014-11-21T10:23:24","date_gmt":"2014-11-21T09:23:24","guid":{"rendered":"http:\/\/www.rybaribranik.cz\/?p=112"},"modified":"2018-05-23T08:15:50","modified_gmt":"2018-05-23T07:15:50","slug":"clenske-schuze-v-roce-2010","status":"publish","type":"post","link":"https:\/\/www.rybaribranik.cz\/?p=112","title":{"rendered":"Dopis \u010dlensk\u00e9 z\u00e1kladn\u011b &#8211; informace z \u010dlensk\u00e9 sch\u016fze v listopadu 2014"},"content":{"rendered":"<p>V\u00e1\u017een\u00ed \u010dlenov\u00e9, kolegov\u00e9 ryb\u00e1\u0159i,<\/p>\n<p>R\u00e1di bychom v\u00e1s informovali o aktu\u00e1ln\u00ed situaci na\u0161\u00ed m\u00edstn\u00ed organizace. Tato situace byla popisov\u00e1na ji\u017e na n\u011bkolika p\u0159edchoz\u00edch \u010dlensk\u00fdch sch\u016fz\u00edch, ale na posledn\u00ed \u010dlensk\u00e9 sch\u016fzi konan\u00e9 v sobotu 22. 11. 2014 jsme museli p\u0159istoupit k opat\u0159en\u00edm zaji\u0161\u0165uj\u00edc\u00edm \u010dinnost na\u0161\u00ed m\u00edstn\u00ed organizace i v p\u0159\u00ed\u0161t\u00edch letech.<br \/>\nVedle poklesu po\u010dtu \u010dlen\u016f je zejm\u00e9na velmi kritick\u00e1 person\u00e1ln\u00ed situace ve v\u00fdboru. Kdy po\u010det \u010dlen\u016f klesl meziro\u010dn\u011b o 30% a v\u00edcem\u00e9n\u011b nen\u00ed do budoucna zaji\u0161t\u011bna funkce jednatele. D\u016fvodem odchodu dlouholet\u00fdch \u010dlen\u016f v\u00fdboru je jejich v\u011bk, p\u0159\u00edpadn\u011b \u00famrt\u00ed.<\/p>\n<p>Proto v\u00e1s \u017e\u00e1d\u00e1me: podpo\u0159te svou organizaci vstupem do v\u00fdboru! <strong>Neptejte se, co pro v\u00e1s ud\u011bl\u00e1 organizace s 91-letou histori\u00ed, ptejte se, co vy m\u016f\u017eete ud\u011blat pro jej\u00ed z\u00e1chranu! <\/strong><\/p>\n<p>Pot\u0159ebujeme n\u00e1hradu za jednatele pana Josefa Kalouse a d\u00e1le pot\u0159ebujeme person\u00e1ln\u011b pos\u00edlit veden\u00ed krou\u017eku ml\u00e1de\u017ee.<\/p>\n<p>Funkce jednatele obn\u00e1\u0161\u00ed zejm\u00e9na agendu spojenou s prodejem povolenek, \u010dlensk\u00fdch zn\u00e1mek, p\u0159\u00edpadn\u00e9 p\u0159ijet\u00ed \u00fahrady za nespln\u011bnou pracovn\u00ed povinnost. D\u00e1le jednatel zaji\u0161\u0165uje b\u011b\u017enou agendu mezi sch\u016fzemi v\u00fdboru, kter\u00e9 se konaj\u00ed ka\u017ed\u00fdch 14 dn\u016f mimo m\u011bs\u00edc\u016f \u010dervence a srpna. Jedn\u00e1 se zejm\u00e9na o vy\u0159izov\u00e1n\u00ed po\u0161ty a ukl\u00e1d\u00e1n\u00ed pen\u011b\u017en\u00edch prost\u0159edk\u016f do banky. Samoz\u0159ejm\u011b je plno dal\u0161\u00edch drobn\u00fdch \u010dinnost\u00ed. Jednatel je nejv\u00edce zat\u00ed\u017een ke konci roku a v prvn\u00edm kvart\u00e1lu nov\u00e9ho roku, tedy p\u0159i odevzd\u00e1v\u00e1n\u00ed \u00falovkov\u00fdch l\u00edstk\u016f a p\u0159i v\u00fddeji povolenek. V dal\u0161\u00edch m\u011bs\u00edc\u00edch u\u017e je agenda v\u00fdrazn\u011b m\u00e9n\u011b n\u00e1ro\u010dn\u00e1.<br \/>\nJednatel pob\u00edr\u00e1 pravidelnou m\u011bs\u00ed\u010dn\u00ed finan\u010dn\u00ed odm\u011bnu (mimo dobu pr\u00e1zdnin, tj. mimo \u010dervenec-srpen).<\/p>\n<p>Krou\u017eek ml\u00e1de\u017ee se sch\u00e1z\u00ed ka\u017ed\u00fd \u010dtvrtek od 15:30 do 17:30 mimo dobu \u0161koln\u00edch pr\u00e1zdnin. V\u00edce na http:\/\/rybarskykrouzekbranik.webnode.cz\/<br \/>\np\u0159\u00edpadn\u011b p\u0159\u00edmo kontaktovat sl. Irenu Oupicovou p\u0159es e-mail: Irena.Oupicova@gmail.com.<\/p>\n<p>D\u00e1le bychom v\u00e1s r\u00e1di informovali o aktualit\u00e1ch z posledn\u00ed \u010dlensk\u00e9 sch\u016fze:<\/p>\n<p>Posledn\u00ed rok, kdy jsme m\u011bli n\u00e1r\u016fst \u010dlensk\u00e9 z\u00e1kladny dosp\u011bl\u00fdch, byl rok 2002, kdy k 31.12.2001 bylo 1258 \u010dlen\u016f a k 31.12.2002 bylo 1342 \u010dlen\u016f. Dal\u0161\u00ed roky u\u017e \u010dlen\u016f ub\u00fdvalo: <\/p>\n<p>ke konci roku 2004 po\u010det \u010dlen\u016f 1289,<br \/>\nke konci roku 2005 po\u010det \u010dlen\u016f 1132,<br \/>\nke konci roku 2006 po\u010det \u010dlen\u016f 1078,<br \/>\nke konci roku 2007 po\u010det \u010dlen\u016f 1055,<br \/>\nke konci roku 2008 po\u010det \u010dlen\u016f 1031,<br \/>\nke konci roku 2009 po\u010det \u010dlen\u016f 1009,<br \/>\nke konci roku 2010 po\u010det \u010dlen\u016f 958,<br \/>\nke konci roku 2011 po\u010det \u010dlen\u016f 910,<br \/>\nke konci roku 2012 po\u010det \u010dlen\u016f 856,<br \/>\nke konci roku 2013 po\u010det \u010dlen\u016f 812,<br \/>\nv roce 2014 zaplatilo \u010dlenstv\u00ed 776 dosp\u011bl\u00fdch \u010dlen\u016f. <\/p>\n<p>\u2022\tVzhledem k demografick\u00e9mu v\u00fdvoji a navazuj\u00edc\u00ed legislativ\u011b a vzhledem k nep\u0159\u00edzniv\u00e9mu v\u00fdvoji po\u010dtu \u010dlen\u016f navrhl v\u00fdbor 3 zm\u011bny k zaji\u0161t\u011bn\u00ed vyrovnan\u00e9ho hospoda\u0159en\u00ed m\u00edstn\u00ed organizace. <\/p>\n<p>\u010clensk\u00e1 sch\u016fze pak p\u0159ijala toto usnesen\u00ed:<br \/>\n\u2022\tSch\u016fze bere na v\u011bdom\u00ed rozhodnut\u00ed v\u00fdboru o sn\u00ed\u017een\u00ed ro\u010dn\u00edch funkcion\u00e1\u0159sk\u00fdch odm\u011bn, kter\u00e9 budou od roku 2014 v\u010detn\u011b stanoveny sou\u010dtem ceny nejdra\u017e\u0161\u00ed celosvazov\u00e9 povolenky + 400,00 K\u010d. Tato celkov\u00e1 \u010d\u00e1stka se rozum\u00ed po zdan\u011bn\u00ed sr\u00e1\u017ekovou dan\u00ed.<br \/>\n\u2022\tSch\u016fze schvaluje \u00fapravu pravidel osvobozen\u00ed od pracovn\u00ed povinnosti dosp\u011bl\u00fdch \u010dlen\u016f ze st\u00e1vaj\u00edc\u00edch 60ti rok\u016f tak, \u017ee bude kop\u00edrovat platnou z\u00e1konnou \u00fapravu term\u00ednu pro p\u0159izn\u00e1n\u00ed starobn\u00edho d\u016fchodu. Tzn. osvobozen\u00ed od pracovn\u00ed povinnosti se bude posouvat v souladu s v\u00fd\u0161e uvedenou z\u00e1konnou \u00fapravou podle data narozen\u00ed \u010dlena a\u017e na kone\u010dn\u00fdch 65 rok\u016f. Osvobozen\u00ed od pracovn\u00ed povinnosti pro \u017eeny a t\u011blesn\u011b posti\u017een\u00e9 se nem\u011bn\u00ed.<br \/>\n\u2022\tSch\u016fze schvaluje omezen\u00ed p\u0159\u00edsp\u011bvku na povolenku \u010cRS \u00daSM Praha pro \u010dleny nad 70 rok\u016f, resp. poskytov\u00e1n\u00ed t\u00e9to povolenka zdarma pro \u010dleny nad 80 rok\u016f. Vzhledem k demografick\u00e9mu v\u00fdvoji \u010dlensk\u00e9 z\u00e1kladny na\u0161\u00ed m\u00edstn\u00ed organizace jsme nuceni p\u0159istoupit k n\u00e1sleduj\u00edc\u00ed zm\u011bn\u011b: hranice pro n\u00e1rok na tuto v\u00fdhodu se posouv\u00e1 o 3 roky, tzn. hranice je nov\u011b 73 a 83 rok\u016f.<\/p>\n<p>Vysv\u011btlivky:<br \/>\n\u2022\tK \u00faprav\u011b pravidel osvobozen\u00ed od pracovn\u00ed povinnosti dosp\u011bl\u00fdch \u010dlen\u016f &#8211; v praxi to znamen\u00e1, \u017ee v roce 2015 budou osvobozeni na\u0161i \u010dlenov\u00e9 narozen\u00ed v roce 1952 a star\u0161\u00ed. P\u0159ipom\u00edn\u00e1me, \u017ee tato v\u00fdhoda, tj. mo\u017en\u00e9 osvobozen\u00ed od pracovn\u00ed povinnosti, nevypl\u00fdv\u00e1 ze Stanov ani Jednac\u00edho \u0159\u00e1du \u010cRS.<br \/>\n\u2022\tK omezen\u00ed p\u0159\u00edsp\u011bvku na povolenku \u010cRS \u00daSM Praha pro star\u0161\u00ed \u010dleny &#8211; v praxi to znamen\u00e1, \u017ee tato v\u00fdhoda bude p\u0159izn\u00e1na pro rok 2015 \u010dlen\u016fm narozen\u00fdm v roce 1942, resp. 1932. Ostatn\u00ed podm\u00ednka pro p\u0159izn\u00e1n\u00ed t\u00e9to zm\u011bny, tj. \u010dlenstv\u00ed v na\u0161\u00ed MO minim\u00e1ln\u011b posledn\u00edch 5 let, se nem\u011bn\u00ed. P\u0159ipom\u00edn\u00e1me, \u017ee tato v\u00fdhoda nevypl\u00fdv\u00e1 ze Stanov ani Jednac\u00edho \u0159\u00e1du \u010cRS a je pln\u011b na rozhodnut\u00ed na\u0161\u00ed MO. <\/p>\n<p><strong>V\u011b\u0159\u00edme, \u017ee podpo\u0159\u00edte svoj\u00ed m\u00edstn\u00ed organizaci. <\/strong><\/p>\n<p>Jenom bychom v\u00e1s je\u0161t\u011b na z\u00e1v\u011br cht\u011bli informovat, \u017ee na\u0161e branick\u00e1 organizace nen\u00ed sama, kterou postihuje tento negativn\u00ed v\u00fdvoj. Stejn\u00e1 situace je i v ostatn\u00edch zem\u00edch Evropy a v ostatn\u00edch organizac\u00edch z\u00e1jmov\u00e9 \u010dinnosti.<\/p>\n<p>Za \u010cesk\u00fd ryb\u00e1\u0159sk\u00fd svaz, m\u00edstn\u00ed organizaci Praha 4 Bran\u00edk<\/p>\n<p>S pozdravem \u201ePetr\u016fv zdar!\u201c<\/p>\n<p>Milan Wi\u0161o \t\t\t\t\t\t\tJosef Kalous<\/p>\n<p>p\u0159edseda\t\t\t\t\t\t\t\tjednatel<\/p>\n","protected":false},"excerpt":{"rendered":"<p>V\u00e1\u017een\u00ed \u010dlenov\u00e9, kolegov\u00e9 ryb\u00e1\u0159i, R\u00e1di bychom v\u00e1s informovali o aktu\u00e1ln\u00ed situaci na\u0161\u00ed m\u00edstn\u00ed organizace. Tato situace byla popisov\u00e1na ji\u017e na n\u011bkolika p\u0159edchoz\u00edch \u010dlensk\u00fdch sch\u016fz\u00edch, ale na posledn\u00ed \u010dlensk\u00e9 sch\u016fzi konan\u00e9 v sobotu 22. 11. 2014 jsme museli p\u0159istoupit k opat\u0159en\u00edm zaji\u0161\u0165uj\u00edc\u00edm \u010dinnost na\u0161\u00ed m\u00edstn\u00ed organizace i v p\u0159\u00ed\u0161t\u00edch letech. Vedle poklesu po\u010dtu \u010dlen\u016f je zejm\u00e9na [&hellip;]<\/p>\n","protected":false},"author":1,"featured_media":0,"comment_status":"closed","ping_status":"closed","sticky":false,"template":"","format":"standard","meta":{"footnotes":""},"categories":[4],"tags":[],"class_list":["post-112","post","type-post","status-publish","format-standard","hentry","category-archiv"],"_links":{"self":[{"href":"https:\/\/www.rybaribranik.cz\/index.php?rest_route=\/wp\/v2\/posts\/112","targetHints":{"allow":["GET"]}}],"collection":[{"href":"https:\/\/www.rybaribranik.cz\/index.php?rest_route=\/wp\/v2\/posts"}],"about":[{"href":"https:\/\/www.rybaribranik.cz\/index.php?rest_route=\/wp\/v2\/types\/post"}],"author":[{"embeddable":true,"href":"https:\/\/www.rybaribranik.cz\/index.php?rest_route=\/wp\/v2\/users\/1"}],"replies":[{"embeddable":true,"href":"https:\/\/www.rybaribranik.cz\/index.php?rest_route=%2Fwp%2Fv2%2Fcomments&post=112"}],"version-history":[{"count":37,"href":"https:\/\/www.rybaribranik.cz\/index.php?rest_route=\/wp\/v2\/posts\/112\/revisions"}],"predecessor-version":[{"id":630,"href":"https:\/\/www.rybaribranik.cz\/index.php?rest_route=\/wp\/v2\/posts\/112\/revisions\/630"}],"wp:attachment":[{"href":"https:\/\/www.rybaribranik.cz\/index.php?rest_route=%2Fwp%2Fv2%2Fmedia&parent=112"}],"wp:term":[{"taxonomy":"category","embeddable":true,"href":"https:\/\/www.rybaribranik.cz\/index.php?rest_route=%2Fwp%2Fv2%2Fcategories&post=112"},{"taxonomy":"post_tag","embeddable":true,"href":"https:\/\/www.rybaribranik.cz\/index.php?rest_route=%2Fwp%2Fv2%2Ftags&post=112"}],"curies":[{"name":"wp","href":"https:\/\/api.w.org\/{rel}","templated":true}]}}